{"id":202418,"date":"2022-07-30T23:21:33","date_gmt":"2022-07-30T23:21:33","guid":{"rendered":"http:\/\/newar.ami.mr:8088\/fr\/index.php\/2022\/07\/30\/la-presidente-du-conseil-regional-de-nouakchott-donne-une-conference-sur-la-realite-et-les-perspectives-de-la-decentralisation\/"},"modified":"2022-07-30T23:21:33","modified_gmt":"2022-07-30T23:21:33","slug":"la-presidente-du-conseil-regional-de-nouakchott-donne-une-conference-sur-la-realite-et-les-perspectives-de-la-decentralisation","status":"publish","type":"post","link":"https:\/\/ami.mr\/fr\/archives\/202418","title":{"rendered":"La pr\u00e9sidente du Conseil r\u00e9gional de Nouakchott donne une conf\u00e9rence sur la r\u00e9alit\u00e9 et les perspectives de la d\u00e9centralisation"},"content":{"rendered":"<p>La pr\u00e9sidente du Conseil r\u00e9gional de Nouakchott, Mme Vatimetou Mint Abdel Maleck a donn\u00e9, samedi \u00e0 Nouakchott, devant les participants \u00e0 un colloque organis\u00e9 par le centre maghr\u00e9bin des \u00e9tudes strat\u00e9giques en partenariat avec le Conseil r\u00e9gional de Nouakchott et l&#8217;\u00e9tablissement Edinawer , une conf\u00e9rence sur la r\u00e9alit\u00e9 et les perspectives de la d\u00e9centralisation en Mauritanie et les principaux d\u00e9fis pos\u00e9s.<\/p>\n<p>La pr\u00e9sidente a abord\u00e9, \u00e0 cette occasion, le processus de la d\u00e9centralisation dans le pays et ses principales \u00e9tapes ainsi que ses lois d&#8217;application et les pr\u00e9rogatives qui y sont \u00e9nonc\u00e9es, avant de mettre en relief les obstacles qui se posent en la mati\u00e8re.<\/p>\n<p>La pr\u00e9sidente du Conseil r\u00e9gional a pr\u00e9sent\u00e9 aussi un certain nombre de de propositions et de solutions qu&#8217;elle juge appropri\u00e9es pour le pays en mati\u00e8re de d\u00e9centralisation.<\/p>\n","protected":false},"excerpt":{"rendered":"<p>La pr\u00e9sidente du Conseil r\u00e9gional de Nouakchott, Mme Vatimetou Mint Abdel Maleck a donn\u00e9, samedi \u00e0 Nouakchott, devant les participants \u00e0 un colloque organis\u00e9 par le centre maghr\u00e9bin des \u00e9tudes strat\u00e9giques en partenariat avec le Conseil r\u00e9gional de Nouakchott et l&#8217;\u00e9tablissement Edinawer , une conf\u00e9rence sur la r\u00e9alit\u00e9 et les perspectives de la d\u00e9centralisation en Mauritanie et les principaux d\u00e9fis pos\u00e9s<\/p>\n","protected":false},"author":1,"featured_media":202419,"comment_status":"open","ping_status":"open","sticky":false,"template":"","format":"standard","meta":{"footnotes":""},"categories":[],"tags":[63658,62741,62476,63993],"class_list":["post-202418","post","type-post","status-publish","format-standard","has-post-thumbnail","hentry","tag-ahmeds","tag-khweira","tag-nouakchott","tag-politique"],"_links":{"self":[{"href":"https:\/\/ami.mr\/fr\/wp-json\/wp\/v2\/posts\/202418","targetHints":{"allow":["GET"]}}],"collection":[{"href":"https:\/\/ami.mr\/fr\/wp-json\/wp\/v2\/posts"}],"about":[{"href":"https:\/\/ami.mr\/fr\/wp-json\/wp\/v2\/types\/post"}],"author":[{"embeddable":true,"href":"https:\/\/ami.mr\/fr\/wp-json\/wp\/v2\/users\/1"}],"replies":[{"embeddable":true,"href":"https:\/\/ami.mr\/fr\/wp-json\/wp\/v2\/comments?post=202418"}],"version-history":[{"count":0,"href":"https:\/\/ami.mr\/fr\/wp-json\/wp\/v2\/posts\/202418\/revisions"}],"wp:featuredmedia":[{"embeddable":true,"href":"https:\/\/ami.mr\/fr\/wp-json\/wp\/v2\/media\/202419"}],"wp:attachment":[{"href":"https:\/\/ami.mr\/fr\/wp-json\/wp\/v2\/media?parent=202418"}],"wp:term":[{"taxonomy":"category","embeddable":true,"href":"https:\/\/ami.mr\/fr\/wp-json\/wp\/v2\/categories?post=202418"},{"taxonomy":"post_tag","embeddable":true,"href":"https:\/\/ami.mr\/fr\/wp-json\/wp\/v2\/tags?post=202418"}],"curies":[{"name":"wp","href":"https:\/\/api.w.org\/{rel}","templated":true}]}}