{"id":202342,"date":"2022-07-28T18:27:07","date_gmt":"2022-07-28T18:27:07","guid":{"rendered":"http:\/\/newar.ami.mr:8088\/fr\/index.php\/2022\/07\/28\/le-president-de-la-republique-recoit-une-delegation-de-lorganisation-des-cites-et-gouvernements-locaux-unis-dafrique\/"},"modified":"2022-07-28T18:27:07","modified_gmt":"2022-07-28T18:27:07","slug":"le-president-de-la-republique-recoit-une-delegation-de-lorganisation-des-cites-et-gouvernements-locaux-unis-dafrique","status":"publish","type":"post","link":"https:\/\/ami.mr\/fr\/archives\/202342","title":{"rendered":"Le Pr\u00e9sident de la R\u00e9publique re\u00e7oit une d\u00e9l\u00e9gation de l&#8217;Organisation des Cit\u00e9s et Gouvernements Locaux Unis d&#8217;Afrique"},"content":{"rendered":"<p>Son Excellence le Pr\u00e9sident de la R\u00e9publique, M. Mohamed Ould Cheikh El-Ghazouani, a re\u00e7u, jeudi apr\u00e8s-midi au Palais pr\u00e9sidentiel \u00e0 Nouakchott, une d\u00e9l\u00e9gation de l&#8217;Organisation des Cit\u00e9s et Gouvernements Locaux Unis d&#8217;Afrique, conduite par Mme Fatimetou Mint Abdelmalek, Pr\u00e9sidente de l&#8217;Organisation.<\/p>\n<p>La rencontre s&#8217;est d\u00e9roul\u00e9e en pr\u00e9sence du directeur de Cabinet du Pr\u00e9sident de la R\u00e9publique, M. Isma\u00ebl Ould Cheikh Ahmed, du Secr\u00e9taire g\u00e9n\u00e9ral de l&#8217;Organisation des Cit\u00e9s et Gouvernements Locaux Unis d&#8217;Afrique, M. Jean-Pierre Alonck Mbassi.<\/p>\n","protected":false},"excerpt":{"rendered":"<p>Son Excellence le Pr\u00e9sident de la R\u00e9publique, M. Mohamed Ould Cheikh El-Ghazouani, a re\u00e7u, jeudi apr\u00e8s-midi au Palais pr\u00e9sidentiel \u00e0 Nouakchott, une d\u00e9l\u00e9gation de l&#8217;Organisation des Cit\u00e9s et Gouvernements Locaux Unis d&#8217;Afrique, conduite par Mme Fatimetou Mint Abdelmalek, Pr\u00e9sidente de l&#8217;Organisation<\/p>\n","protected":false},"author":1,"featured_media":202343,"comment_status":"open","ping_status":"open","sticky":false,"template":"","format":"standard","meta":{"footnotes":""},"categories":[],"tags":[63991,63707,62476],"class_list":["post-202342","post","type-post","status-publish","format-standard","has-post-thumbnail","hentry","tag-activites-presidentielles","tag-m_minahne","tag-nouakchott"],"_links":{"self":[{"href":"https:\/\/ami.mr\/fr\/wp-json\/wp\/v2\/posts\/202342","targetHints":{"allow":["GET"]}}],"collection":[{"href":"https:\/\/ami.mr\/fr\/wp-json\/wp\/v2\/posts"}],"about":[{"href":"https:\/\/ami.mr\/fr\/wp-json\/wp\/v2\/types\/post"}],"author":[{"embeddable":true,"href":"https:\/\/ami.mr\/fr\/wp-json\/wp\/v2\/users\/1"}],"replies":[{"embeddable":true,"href":"https:\/\/ami.mr\/fr\/wp-json\/wp\/v2\/comments?post=202342"}],"version-history":[{"count":0,"href":"https:\/\/ami.mr\/fr\/wp-json\/wp\/v2\/posts\/202342\/revisions"}],"wp:featuredmedia":[{"embeddable":true,"href":"https:\/\/ami.mr\/fr\/wp-json\/wp\/v2\/media\/202343"}],"wp:attachment":[{"href":"https:\/\/ami.mr\/fr\/wp-json\/wp\/v2\/media?parent=202342"}],"wp:term":[{"taxonomy":"category","embeddable":true,"href":"https:\/\/ami.mr\/fr\/wp-json\/wp\/v2\/categories?post=202342"},{"taxonomy":"post_tag","embeddable":true,"href":"https:\/\/ami.mr\/fr\/wp-json\/wp\/v2\/tags?post=202342"}],"curies":[{"name":"wp","href":"https:\/\/api.w.org\/{rel}","templated":true}]}}