{"id":200977,"date":"2022-05-24T20:06:16","date_gmt":"2022-05-24T20:06:16","guid":{"rendered":"http:\/\/newar.ami.mr:8088\/fr\/index.php\/2022\/05\/24\/le-ministre-du-commerce-recoit-la-presidente-de-lunion-de-femmes-investisseuses-arabes\/"},"modified":"2022-05-24T20:06:16","modified_gmt":"2022-05-24T20:06:16","slug":"le-ministre-du-commerce-recoit-la-presidente-de-lunion-de-femmes-investisseuses-arabes","status":"publish","type":"post","link":"https:\/\/ami.mr\/fr\/archives\/200977","title":{"rendered":"Le ministre du Commerce re\u00e7oit la pr\u00e9sidente de l&#8217;Union de femmes investisseuses arabes"},"content":{"rendered":"<p>Le ministre du Commerce, de l&#8217;Industrie, de l&#8217;Artisanat et du Tourisme, M. Lemrabott Bennahi, a re\u00e7u, ce mardi, la pr\u00e9sidente de l&#8217;Union des Femmes arabes Investisseuses, Mme Houda Yessi.<\/p>\n<p>La r\u00e9union a permis d\u2019examiner divers domaines de la coop\u00e9ration entre la Mauritanie et l&#8217;Union et les moyens de l&#8217;am\u00e9liorer et de la d\u00e9velopper.<\/p>\n<p>L&#8217;Union des femmes investisseuses arabes a \u00e9t\u00e9 cr\u00e9\u00e9e en 2005, dans le but de renforcer le r\u00f4le des femmes arabes, de d\u00e9velopper les relations \u00e9conomiques arabes et de promouvoir leur r\u00f4le \u00e9conomique.<\/p>\n<p>La r\u00e9union s&#8217;est d\u00e9roul\u00e9e en pr\u00e9sence du secr\u00e9taire g\u00e9n\u00e9ral du minist\u00e8re, du directeur du d\u00e9veloppement industriel, du directeur adjoint pour la promotion du commerce ext\u00e9rieur et du conseiller, pr\u00e9sident du comit\u00e9 de l&#8217;\u00e9nergie de l&#8217;Union des investisseurs arabes.<\/p>\n","protected":false},"excerpt":{"rendered":"<p>Le ministre du Commerce, de l&#8217;Industrie, de l&#8217;Artisanat et du Tourisme, M. Lemrabott Bennahi, a re\u00e7u, ce mardi, la pr\u00e9sidente de l&#8217;Union des Femmes arabes Investisseuses, Mme Houda Yessi<\/p>\n","protected":false},"author":1,"featured_media":0,"comment_status":"open","ping_status":"open","sticky":false,"template":"","format":"standard","meta":{"footnotes":""},"categories":[],"tags":[63990,62476,63478],"class_list":["post-200977","post","type-post","status-publish","format-standard","hentry","tag-activites-gouvernementales","tag-nouakchott","tag-syde"],"_links":{"self":[{"href":"https:\/\/ami.mr\/fr\/wp-json\/wp\/v2\/posts\/200977","targetHints":{"allow":["GET"]}}],"collection":[{"href":"https:\/\/ami.mr\/fr\/wp-json\/wp\/v2\/posts"}],"about":[{"href":"https:\/\/ami.mr\/fr\/wp-json\/wp\/v2\/types\/post"}],"author":[{"embeddable":true,"href":"https:\/\/ami.mr\/fr\/wp-json\/wp\/v2\/users\/1"}],"replies":[{"embeddable":true,"href":"https:\/\/ami.mr\/fr\/wp-json\/wp\/v2\/comments?post=200977"}],"version-history":[{"count":0,"href":"https:\/\/ami.mr\/fr\/wp-json\/wp\/v2\/posts\/200977\/revisions"}],"wp:attachment":[{"href":"https:\/\/ami.mr\/fr\/wp-json\/wp\/v2\/media?parent=200977"}],"wp:term":[{"taxonomy":"category","embeddable":true,"href":"https:\/\/ami.mr\/fr\/wp-json\/wp\/v2\/categories?post=200977"},{"taxonomy":"post_tag","embeddable":true,"href":"https:\/\/ami.mr\/fr\/wp-json\/wp\/v2\/tags?post=200977"}],"curies":[{"name":"wp","href":"https:\/\/api.w.org\/{rel}","templated":true}]}}