{"id":200976,"date":"2022-05-24T19:45:03","date_gmt":"2022-05-24T19:45:03","guid":{"rendered":"http:\/\/newar.ami.mr:8088\/fr\/index.php\/2022\/05\/24\/a-lassemblee-nationale-examen-de-deux-projets-de-loi-sur-les-communications-electroniques-et-sur-creation-du-fonds-de-solidarite-africain\/"},"modified":"2022-05-24T19:45:03","modified_gmt":"2022-05-24T19:45:03","slug":"a-lassemblee-nationale-examen-de-deux-projets-de-loi-sur-les-communications-electroniques-et-sur-creation-du-fonds-de-solidarite-africain","status":"publish","type":"post","link":"https:\/\/ami.mr\/fr\/archives\/200976","title":{"rendered":"A L&#8217;Assembl\u00e9e nationale : Examen de deux projets de loi sur les communications \u00e9lectroniques et sur cr\u00e9ation du Fonds de Solidarit\u00e9 Africain"},"content":{"rendered":"<p>La conf\u00e9rence des Pr\u00e9sidents s\u2019est r\u00e9unie le mardi 24 mai 2022, sous la pr\u00e9sidence de Monsieur Cheikh Ahmed Baya, Pr\u00e9sident de l\u2019Assembl\u00e9e Nationale.<\/p>\n<p>Le gouvernement \u00e9tait repr\u00e9sent\u00e9 \u00e0 cette r\u00e9union par Monsieur Khattar Cheibani, ministre de la Culture, de la Jeunesse, des Sports et des Relations avec le Parlement.<\/p>\n<p>Au cours de cette r\u00e9union, la conf\u00e9rence des pr\u00e9sidents a pris connaissance de deux projets de loi suivants soumis par le gouvernement, ainsi que certain nombre de questions orales adress\u00e9es par des d\u00e9put\u00e9s \u00e0 des membres du gouvernement:<\/p>\n<p>&#8211; Projet de loi n\u00b0 22-009, modifiant et compl\u00e9tant certaines dispositions de la loi n\u00b02013 &#8211; 025 du 15 juillet 2013 portant sur ;<\/p>\n<p>&#8211; Projet de loi n\u00b0 22-010, autorisant la ratification de l&#8217;accord portant cr\u00e9ation du Fonds de Solidarit\u00e9 Africain du 21 d\u00e9cembre 1976 et ses amendements subs\u00e9quents.<\/p>\n","protected":false},"excerpt":{"rendered":"<p>La conf\u00e9rence des Pr\u00e9sidents s\u2019est r\u00e9unie le mardi 24 mai 2022, sous la pr\u00e9sidence de Monsieur Cheikh Ahmed Baya, Pr\u00e9sident de l\u2019Assembl\u00e9e Nationale.<\/p>\n<p>Le gouvernement \u00e9tait repr\u00e9sent\u00e9 \u00e0 cette r\u00e9union par Monsieur Khattar Cheibani, ministre de la Culture, de la Jeunesse, des Sports et des Relations avec le Parlement<\/p>\n","protected":false},"author":1,"featured_media":198004,"comment_status":"open","ping_status":"open","sticky":false,"template":"","format":"standard","meta":{"footnotes":""},"categories":[],"tags":[63963,62476,63478],"class_list":["post-200976","post","type-post","status-publish","format-standard","has-post-thumbnail","hentry","tag-activites-parlementaires","tag-nouakchott","tag-syde"],"_links":{"self":[{"href":"https:\/\/ami.mr\/fr\/wp-json\/wp\/v2\/posts\/200976","targetHints":{"allow":["GET"]}}],"collection":[{"href":"https:\/\/ami.mr\/fr\/wp-json\/wp\/v2\/posts"}],"about":[{"href":"https:\/\/ami.mr\/fr\/wp-json\/wp\/v2\/types\/post"}],"author":[{"embeddable":true,"href":"https:\/\/ami.mr\/fr\/wp-json\/wp\/v2\/users\/1"}],"replies":[{"embeddable":true,"href":"https:\/\/ami.mr\/fr\/wp-json\/wp\/v2\/comments?post=200976"}],"version-history":[{"count":0,"href":"https:\/\/ami.mr\/fr\/wp-json\/wp\/v2\/posts\/200976\/revisions"}],"wp:featuredmedia":[{"embeddable":true,"href":"https:\/\/ami.mr\/fr\/wp-json\/wp\/v2\/media\/198004"}],"wp:attachment":[{"href":"https:\/\/ami.mr\/fr\/wp-json\/wp\/v2\/media?parent=200976"}],"wp:term":[{"taxonomy":"category","embeddable":true,"href":"https:\/\/ami.mr\/fr\/wp-json\/wp\/v2\/categories?post=200976"},{"taxonomy":"post_tag","embeddable":true,"href":"https:\/\/ami.mr\/fr\/wp-json\/wp\/v2\/tags?post=200976"}],"curies":[{"name":"wp","href":"https:\/\/api.w.org\/{rel}","templated":true}]}}