{"id":18752,"date":"2011-10-02T12:17:24","date_gmt":"2011-10-02T12:17:24","guid":{"rendered":"http:\/\/192.168.64.2\/fr\/index.php\/2011\/10\/02\/lajm-admise-au-sein-de-la-fij\/"},"modified":"2022-07-04T01:01:06","modified_gmt":"2022-07-04T01:01:06","slug":"lajm-admise-au-sein-de-la-fij","status":"publish","type":"post","link":"https:\/\/ami.mr\/fr\/archives\/18752","title":{"rendered":"L\u2019AJM admise au sein de la FIJ"},"content":{"rendered":"<p>Le Bureau ex\u00e9cutif de la F\u00e9d\u00e9ration internationale de journalisme (FIJ) a avalis\u00e9, lors de sa r\u00e9union du 25 septembre 2011 \u00e0 Buenos-Aires, l\u2019adh\u00e9sion en son sein de l\u2019Association de journalistes mauritaniens (AJM), indique un communiqu\u00e9 de cette derni\u00e8re.<br \/>\n L\u2019AJM exprime ses remerciements au Bureau ex\u00e9cutif de la FIJ pour sa d\u00e9cision et r\u00e9affirme son engagement \u00e0 promouvoir l\u2019ancrage de la culture de la libert\u00e9 de la presse en Mauritanie, ajoute le communiqu\u00e9 parvenu \u00e0 l\u2019AMI.<\/p>\n","protected":false},"excerpt":{"rendered":"<p>Le Bureau ex\u00e9cutif de la F\u00e9d\u00e9ration internationale de journalisme (FIJ) a avalis\u00e9, lors de sa r\u00e9union du 25 septembre 2011 \u00e0 Buenos-Aires, l\u2019adh\u00e9sion en son sein de l\u2019Association de journalistes mauritaniens<\/p>\n","protected":false},"author":1,"featured_media":113461,"comment_status":"closed","ping_status":"closed","sticky":false,"template":"","format":"standard","meta":{"footnotes":""},"categories":[],"tags":[62476,63994,62753],"class_list":["post-18752","post","type-post","status-publish","format-standard","has-post-thumbnail","hentry","tag-nouakchott","tag-presse","tag-rabani"],"_links":{"self":[{"href":"https:\/\/ami.mr\/fr\/wp-json\/wp\/v2\/posts\/18752","targetHints":{"allow":["GET"]}}],"collection":[{"href":"https:\/\/ami.mr\/fr\/wp-json\/wp\/v2\/posts"}],"about":[{"href":"https:\/\/ami.mr\/fr\/wp-json\/wp\/v2\/types\/post"}],"author":[{"embeddable":true,"href":"https:\/\/ami.mr\/fr\/wp-json\/wp\/v2\/users\/1"}],"replies":[{"embeddable":true,"href":"https:\/\/ami.mr\/fr\/wp-json\/wp\/v2\/comments?post=18752"}],"version-history":[{"count":1,"href":"https:\/\/ami.mr\/fr\/wp-json\/wp\/v2\/posts\/18752\/revisions"}],"predecessor-version":[{"id":113460,"href":"https:\/\/ami.mr\/fr\/wp-json\/wp\/v2\/posts\/18752\/revisions\/113460"}],"wp:featuredmedia":[{"embeddable":true,"href":"https:\/\/ami.mr\/fr\/wp-json\/wp\/v2\/media\/113461"}],"wp:attachment":[{"href":"https:\/\/ami.mr\/fr\/wp-json\/wp\/v2\/media?parent=18752"}],"wp:term":[{"taxonomy":"category","embeddable":true,"href":"https:\/\/ami.mr\/fr\/wp-json\/wp\/v2\/categories?post=18752"},{"taxonomy":"post_tag","embeddable":true,"href":"https:\/\/ami.mr\/fr\/wp-json\/wp\/v2\/tags?post=18752"}],"curies":[{"name":"wp","href":"https:\/\/api.w.org\/{rel}","templated":true}]}}