{"id":18737,"date":"2011-10-01T13:03:37","date_gmt":"2011-10-01T13:03:37","guid":{"rendered":"http:\/\/192.168.64.2\/fr\/index.php\/2011\/10\/01\/retour-nouakchott-du-ministre-des-affaires-trangres-3\/"},"modified":"2022-07-04T01:00:56","modified_gmt":"2022-07-04T01:00:56","slug":"retour-nouakchott-du-ministre-des-affaires-trangres-3","status":"publish","type":"post","link":"https:\/\/ami.mr\/fr\/archives\/18737","title":{"rendered":"Retour &agrave; Nouakchott du ministre des affaires &eacute;trang&egrave;res"},"content":{"rendered":"<p>Le ministre des affaires \u00e9trang\u00e8res et de la coop\u00e9ration, M. Hamady Ould Hamady, a regagn\u00e9 Nouakchott vendredi soir en provenance de New York o\u00f9 il a pris part, du 19 au 30 septembre dernier, \u00e0 la 66e assembl\u00e9e g\u00e9n\u00e9rale de l&#8217;ONU.<br \/>\nEn marge de ces assises, le ministre a sign\u00e9 avec son homologue indon\u00e9sien une convention d&#8217;\u00e9tablissement de relations diplomatiques entre les deux pays et a sign\u00e9 avec le gouvernement norv\u00e9gien une convention d&#8217;assistance technique et financi\u00e8re en faveur de la commission r\u00e9gionale des p\u00eaches et du plateau continental dans la r\u00e9gion.<br \/>\nIl a \u00e9galement sign\u00e9 deux conventions dans le cadre du trait\u00e9 international de pr\u00e9vention de la torture, de la disparition forc\u00e9e et des pratiques d\u00e9gradantes contre les personnes.<br \/>\nLe ministre \u00e9tait accompagn\u00e9 au cours de ce voyage par le directeur de la coop\u00e9ration internationale et celui des affaires juridiques et des conventions au minist\u00e8re.<\/p>\n","protected":false},"excerpt":{"rendered":"<p>Le ministre des affaires \u00e9trang\u00e8res et de la coop\u00e9ration, M. Hamady Ould Hamady, a regagn\u00e9 Nouakchott vendredi soir en provenance de New York o\u00f9 il a pris part, du 19 au 30 septembre dernier, \u00e0 la 66e<\/p>\n","protected":false},"author":1,"featured_media":113446,"comment_status":"closed","ping_status":"closed","sticky":false,"template":"","format":"standard","meta":{"footnotes":""},"categories":[],"tags":[63990,62749,62476],"class_list":["post-18737","post","type-post","status-publish","format-standard","has-post-thumbnail","hentry","tag-activites-gouvernementales","tag-nena","tag-nouakchott"],"_links":{"self":[{"href":"https:\/\/ami.mr\/fr\/wp-json\/wp\/v2\/posts\/18737","targetHints":{"allow":["GET"]}}],"collection":[{"href":"https:\/\/ami.mr\/fr\/wp-json\/wp\/v2\/posts"}],"about":[{"href":"https:\/\/ami.mr\/fr\/wp-json\/wp\/v2\/types\/post"}],"author":[{"embeddable":true,"href":"https:\/\/ami.mr\/fr\/wp-json\/wp\/v2\/users\/1"}],"replies":[{"embeddable":true,"href":"https:\/\/ami.mr\/fr\/wp-json\/wp\/v2\/comments?post=18737"}],"version-history":[{"count":1,"href":"https:\/\/ami.mr\/fr\/wp-json\/wp\/v2\/posts\/18737\/revisions"}],"predecessor-version":[{"id":113445,"href":"https:\/\/ami.mr\/fr\/wp-json\/wp\/v2\/posts\/18737\/revisions\/113445"}],"wp:featuredmedia":[{"embeddable":true,"href":"https:\/\/ami.mr\/fr\/wp-json\/wp\/v2\/media\/113446"}],"wp:attachment":[{"href":"https:\/\/ami.mr\/fr\/wp-json\/wp\/v2\/media?parent=18737"}],"wp:term":[{"taxonomy":"category","embeddable":true,"href":"https:\/\/ami.mr\/fr\/wp-json\/wp\/v2\/categories?post=18737"},{"taxonomy":"post_tag","embeddable":true,"href":"https:\/\/ami.mr\/fr\/wp-json\/wp\/v2\/tags?post=18737"}],"curies":[{"name":"wp","href":"https:\/\/api.w.org\/{rel}","templated":true}]}}