{"id":18711,"date":"2011-10-02T13:02:00","date_gmt":"2011-10-02T13:02:00","guid":{"rendered":"http:\/\/192.168.64.2\/fr\/index.php\/2011\/10\/02\/demarrage-des-journees-synchronisees-de-vaccination-contre-la-poliomyelite\/"},"modified":"2022-07-04T01:00:39","modified_gmt":"2022-07-04T01:00:39","slug":"demarrage-des-journees-synchronisees-de-vaccination-contre-la-poliomyelite","status":"publish","type":"post","link":"https:\/\/ami.mr\/fr\/archives\/18711","title":{"rendered":"D\u00e9marrage des journ\u00e9es synchronis\u00e9es de vaccination contre la poliomy\u00e9lite"},"content":{"rendered":"<p>Des journ\u00e9es synchronis\u00e9es de vaccination contre la poliomy\u00e9lite ont d\u00e9but\u00e9 dimanche \u00e0 Nouakchott.<br \/>\nLe coup d&#8217;envoi de l&#8217;op\u00e9ration, qui englobe la distribution des capsules contre la carence en vitamine et les parasitoses, a \u00e9t\u00e9 donn\u00e9 par le secr\u00e9taire g\u00e9n\u00e9ral par int\u00e9rim du minist\u00e8re de la sant\u00e9, M. Abdallahi Ould Lehbib.<br \/>\n619554 enfants issus des neuf moughataasde Nouakchott seront immunis\u00e9s lors de ces journ\u00e9es pour lesquels l&#8217;Etat et ses partenaires des moyens humains et logiques importants.<br \/>\nContact\u00e9 par l&#8217;AMI, le directeur r\u00e9gional \u00e0 l&#8217;action sanitaire, Dr. Moustapha Ould Abdallah a pr\u00e9cis\u00e9 que les \u00e9quipes vaccinales vont faire le porte \u00e0 porte pour toucher tous les enfants de 0 \u00e0 5 ans.<\/p>\n","protected":false},"excerpt":{"rendered":"<p>Des journ\u00e9es synchronis\u00e9es de vaccination contre la poliomy\u00e9lite ont d\u00e9but\u00e9 dimanche \u00e0 Nouakchott.<br \/>\nLe coup d&#8217;envoi de l&#8217;op\u00e9ration, qui englobe la distribution des capsules contre la carence en vitamine<\/p>\n","protected":false},"author":1,"featured_media":0,"comment_status":"closed","ping_status":"closed","sticky":false,"template":"","format":"standard","meta":{"footnotes":""},"categories":[],"tags":[62476,62753,63995,62746],"class_list":["post-18711","post","type-post","status-publish","format-standard","hentry","tag-nouakchott","tag-rabani","tag-sante","tag-yacoub"],"_links":{"self":[{"href":"https:\/\/ami.mr\/fr\/wp-json\/wp\/v2\/posts\/18711","targetHints":{"allow":["GET"]}}],"collection":[{"href":"https:\/\/ami.mr\/fr\/wp-json\/wp\/v2\/posts"}],"about":[{"href":"https:\/\/ami.mr\/fr\/wp-json\/wp\/v2\/types\/post"}],"author":[{"embeddable":true,"href":"https:\/\/ami.mr\/fr\/wp-json\/wp\/v2\/users\/1"}],"replies":[{"embeddable":true,"href":"https:\/\/ami.mr\/fr\/wp-json\/wp\/v2\/comments?post=18711"}],"version-history":[{"count":1,"href":"https:\/\/ami.mr\/fr\/wp-json\/wp\/v2\/posts\/18711\/revisions"}],"predecessor-version":[{"id":113419,"href":"https:\/\/ami.mr\/fr\/wp-json\/wp\/v2\/posts\/18711\/revisions\/113419"}],"wp:attachment":[{"href":"https:\/\/ami.mr\/fr\/wp-json\/wp\/v2\/media?parent=18711"}],"wp:term":[{"taxonomy":"category","embeddable":true,"href":"https:\/\/ami.mr\/fr\/wp-json\/wp\/v2\/categories?post=18711"},{"taxonomy":"post_tag","embeddable":true,"href":"https:\/\/ami.mr\/fr\/wp-json\/wp\/v2\/tags?post=18711"}],"curies":[{"name":"wp","href":"https:\/\/api.w.org\/{rel}","templated":true}]}}