{"id":13931,"date":"2011-02-08T18:46:58","date_gmt":"2011-02-08T18:46:58","guid":{"rendered":"http:\/\/192.168.64.2\/fr\/index.php\/2011\/02\/08\/le-ministre-charg-de-lenseignement-secondaire-visite-le-collge-darafat\/"},"modified":"2022-07-04T00:08:55","modified_gmt":"2022-07-04T00:08:55","slug":"le-ministre-charg-de-lenseignement-secondaire-visite-le-collge-darafat","status":"publish","type":"post","link":"https:\/\/ami.mr\/fr\/archives\/13931","title":{"rendered":"Le ministre charg&eacute; de l&#8217;enseignement secondaire visite le coll&egrave;ge d&#8217;Arafat"},"content":{"rendered":"<p>M. Oumar Ould Maatallah, ministre d\u00e9l\u00e9gu\u00e9 aupr\u00e8s du ministre d&#8217;Etat \u00e0 l&#8217;\u00e9ducation nationale, charg\u00e9 de l&#8217;enseignement secondaire a visit\u00e9 mardi le coll\u00e8ge 4 de la moughataa de Arafat.<br \/>\nLe ministre s&#8217;est, au cours de cette visite, enquis du d\u00e9roulement des cours dans les classes p\u00e9dagogiques dudit coll\u00e8ge et suivi les m\u00e9thodes d&#8217;enseignement et le niveau de la pr\u00e9sence des professeurs avant d&#8217;\u00e9couter les dol\u00e9ances et observations des \u00e9l\u00e8ves surtout celles portant sur le livre scolaire et le syst\u00e8me de candidature aux lyc\u00e9es d&#8217;enseignement g\u00e9n\u00e9ral.<br \/>\nLe ministre a exhort\u00e9 les \u00e9l\u00e8ves \u00e0 faire preuve de pers\u00e9v\u00e9rance et de s\u00e9rieux pour tirer profit des \u00e9tudes et disposer de connaissances leur permettant de r\u00e9aliser leurs ambitions et de contribuer efficacement \u00e0 la construction du pays.<br \/>\nLe ministre a tenu une r\u00e9union avec le staff enseignant et d&#8217;encadrement au cours de laquelle il a pass\u00e9 en revue les principaux probl\u00e8mes pos\u00e9s en relevant, entre autres, les classes bond\u00e9es d&#8217;\u00e9l\u00e8ves et le manque de tables-bancs mais aussi au niveau du livre scolaire et du personnel enseignant.<br \/>\nLe ministre a soulign\u00e9 dans son intervention devant le staff enseignant que le gouvernement accorde une grande importance aux efforts consentis pour sa r\u00e9forme comme pr\u00e9alable dans toute oeuvre et \u00e0 tout d\u00e9veloppement v\u00e9ritable.<br \/>\nIl a not\u00e9 que le gouvernement poursuit la mise en oeuvre des mesures qui sont de nature \u00e0 am\u00e9liorer les conditions des professeurs et des \u00e9l\u00e8ves.<br \/>\nIl a demand\u00e9 \u00e0 la famille p\u00e9dagogique de mener \u00e0 bien sa mission et de contribuer \u00e0 la r\u00e9forme de l&#8217;enseignement \u00e0 travers la pr\u00e9sentation de ses id\u00e9es et de sa vision de choses par rapport \u00e0 cet \u00e9v\u00e8nement.<br \/>\nNotons que le lyc\u00e9e de Arafat a \u00e9t\u00e9 cr\u00e9\u00e9 en 1998 et regroupe 15 classes o\u00f9 quelque 1200 \u00e9l\u00e8ves, encadr\u00e9s par 27 professeurs, suivent les cours.<br \/>\nLe ministre \u00e9tait accompagn\u00e9 au cours de cette visite par le hakem de Arafat, le directeur de l&#8217;enseignement secondaire et le directeur r\u00e9gional de Nouakchott 1.<\/p>\n","protected":false},"excerpt":{"rendered":"<p>M. Oumar Ould Maatallah, ministre d\u00e9l\u00e9gu\u00e9 aupr\u00e8s du ministre d&#8217;Etat \u00e0 l&#8217;\u00e9ducation nationale, charg\u00e9 de l&#8217;enseignement secondaire a visit\u00e9 mardi le coll\u00e8ge 4 de la moughataa de Arafat.<br \/>\nLe ministre s&#8217;est,<\/p>\n","protected":false},"author":1,"featured_media":0,"comment_status":"closed","ping_status":"closed","sticky":false,"template":"","format":"standard","meta":{"footnotes":""},"categories":[],"tags":[63990,62788,62476],"class_list":["post-13931","post","type-post","status-publish","format-standard","hentry","tag-activites-gouvernementales","tag-meyem","tag-nouakchott"],"_links":{"self":[{"href":"https:\/\/ami.mr\/fr\/wp-json\/wp\/v2\/posts\/13931","targetHints":{"allow":["GET"]}}],"collection":[{"href":"https:\/\/ami.mr\/fr\/wp-json\/wp\/v2\/posts"}],"about":[{"href":"https:\/\/ami.mr\/fr\/wp-json\/wp\/v2\/types\/post"}],"author":[{"embeddable":true,"href":"https:\/\/ami.mr\/fr\/wp-json\/wp\/v2\/users\/1"}],"replies":[{"embeddable":true,"href":"https:\/\/ami.mr\/fr\/wp-json\/wp\/v2\/comments?post=13931"}],"version-history":[{"count":1,"href":"https:\/\/ami.mr\/fr\/wp-json\/wp\/v2\/posts\/13931\/revisions"}],"predecessor-version":[{"id":108608,"href":"https:\/\/ami.mr\/fr\/wp-json\/wp\/v2\/posts\/13931\/revisions\/108608"}],"wp:attachment":[{"href":"https:\/\/ami.mr\/fr\/wp-json\/wp\/v2\/media?parent=13931"}],"wp:term":[{"taxonomy":"category","embeddable":true,"href":"https:\/\/ami.mr\/fr\/wp-json\/wp\/v2\/categories?post=13931"},{"taxonomy":"post_tag","embeddable":true,"href":"https:\/\/ami.mr\/fr\/wp-json\/wp\/v2\/tags?post=13931"}],"curies":[{"name":"wp","href":"https:\/\/api.w.org\/{rel}","templated":true}]}}