{"id":13929,"date":"2011-02-08T18:43:19","date_gmt":"2011-02-08T18:43:19","guid":{"rendered":"http:\/\/192.168.64.2\/fr\/index.php\/2011\/02\/08\/le-president-du-senat-recoit-lambassadeur-dallemagne\/"},"modified":"2022-07-04T00:08:54","modified_gmt":"2022-07-04T00:08:54","slug":"le-president-du-senat-recoit-lambassadeur-dallemagne","status":"publish","type":"post","link":"https:\/\/ami.mr\/fr\/archives\/13929","title":{"rendered":"Le Pr\u00e9sident du s\u00e9nat re\u00e7oit l&#8217;ambassadeur d&#8217;Allemagne"},"content":{"rendered":"<p>M. Ba Mamadou dit M&#8217;Bar\u00e9, pr\u00e9sident du S\u00e9nat a re\u00e7u en audience mardi dans son bureau \u00e0 Nouakchott SEM. Dietmar Blass, ambassadeur d&#8217;Allemagne accr\u00e9dit\u00e9 en Mauritanie.<br \/>\nL&#8217;audience a \u00e9t\u00e9 centr\u00e9e sur les relations de coop\u00e9ration existant entre la Mauritanie et la R\u00e9publique F\u00e9d\u00e9rale d&#8217;Allemagne et les moyens de la promouvoir.<br \/>\nL&#8217;audience s&#8217;est d\u00e9roul\u00e9e en pr\u00e9sence de M. Soumar\u00e9 Demba, directeur de cabinet du pr\u00e9sident du S\u00e9nat.<\/p>\n","protected":false},"excerpt":{"rendered":"<p>M. Ba Mamadou dit M&#8217;Bar\u00e9, pr\u00e9sident du S\u00e9nat a re\u00e7u en audience mardi dans son bureau \u00e0 Nouakchott SEM. Dietmar Blass, ambassadeur d&#8217;Allemagne accr\u00e9dit\u00e9 en Mauritanie.<br \/>\nL&#8217;audience a \u00e9t\u00e9 centr\u00e9e sur les<\/p>\n","protected":false},"author":1,"featured_media":108607,"comment_status":"closed","ping_status":"closed","sticky":false,"template":"","format":"standard","meta":{"footnotes":""},"categories":[],"tags":[62788,62476,63993],"class_list":["post-13929","post","type-post","status-publish","format-standard","has-post-thumbnail","hentry","tag-meyem","tag-nouakchott","tag-politique"],"_links":{"self":[{"href":"https:\/\/ami.mr\/fr\/wp-json\/wp\/v2\/posts\/13929","targetHints":{"allow":["GET"]}}],"collection":[{"href":"https:\/\/ami.mr\/fr\/wp-json\/wp\/v2\/posts"}],"about":[{"href":"https:\/\/ami.mr\/fr\/wp-json\/wp\/v2\/types\/post"}],"author":[{"embeddable":true,"href":"https:\/\/ami.mr\/fr\/wp-json\/wp\/v2\/users\/1"}],"replies":[{"embeddable":true,"href":"https:\/\/ami.mr\/fr\/wp-json\/wp\/v2\/comments?post=13929"}],"version-history":[{"count":1,"href":"https:\/\/ami.mr\/fr\/wp-json\/wp\/v2\/posts\/13929\/revisions"}],"predecessor-version":[{"id":108606,"href":"https:\/\/ami.mr\/fr\/wp-json\/wp\/v2\/posts\/13929\/revisions\/108606"}],"wp:featuredmedia":[{"embeddable":true,"href":"https:\/\/ami.mr\/fr\/wp-json\/wp\/v2\/media\/108607"}],"wp:attachment":[{"href":"https:\/\/ami.mr\/fr\/wp-json\/wp\/v2\/media?parent=13929"}],"wp:term":[{"taxonomy":"category","embeddable":true,"href":"https:\/\/ami.mr\/fr\/wp-json\/wp\/v2\/categories?post=13929"},{"taxonomy":"post_tag","embeddable":true,"href":"https:\/\/ami.mr\/fr\/wp-json\/wp\/v2\/tags?post=13929"}],"curies":[{"name":"wp","href":"https:\/\/api.w.org\/{rel}","templated":true}]}}