{"id":13925,"date":"2011-02-08T18:34:13","date_gmt":"2011-02-08T18:34:13","guid":{"rendered":"http:\/\/192.168.64.2\/fr\/index.php\/2011\/02\/08\/brakna-saisie-de-134-kg-de-drogue\/"},"modified":"2022-07-04T00:08:52","modified_gmt":"2022-07-04T00:08:52","slug":"brakna-saisie-de-134-kg-de-drogue","status":"publish","type":"post","link":"https:\/\/ami.mr\/fr\/archives\/13925","title":{"rendered":"Brakna: Saisie de 134 Kg de drogue"},"content":{"rendered":"<p>La gendarmerie nationale a confisqu\u00e9, mardi, 134 KG de drogue dans les environs de la moughataa de Maghtaa Lahjar, dans la wilaya du Brakna.<br \/>\nLe correspondant de l&#8217;AMI, citant des sources de la gendarmerie nationale indique que la drogue \u00e9tait cach\u00e9e dans 4 bombonnes de gaz se trouvant \u00e0 un endroit situ\u00e9 \u00e0 22 km sur la route de l&#8217;espoir \u00e0 l&#8217;Est de la ville de Maghtaa Lahjar.<br \/>\nLe correspondant ajoute que les bombonnes en question ont \u00e9t\u00e9 trouv\u00e9es cach\u00e9es dans un endroit isol\u00e9, pr\u00e9cisant que c&#8217;est gr\u00e2ce \u00e0 l&#8217;utilisation de chiens policiers qu&#8217;il a \u00e9t\u00e9 possible de s&#8217;assurer du du contenu des bombonnes qui s&#8217;est av\u00e9r\u00e9, apr\u00e8s leur ouverture, comme \u00e9tant de la drogue.<br \/>\nLes m\u00eames sources indiquent enfin qu&#8217;une enqu\u00eate est en cours pour d\u00e9terminer les personnes qui sont derri\u00e8re l&#8217;introduction de cette quantit\u00e9 de drogue dans le pays.<\/p>\n","protected":false},"excerpt":{"rendered":"<p>La gendarmerie nationale a confisqu\u00e9, mardi, 134 KG de drogue dans les environs de la moughataa de Maghtaa Lahjar, dans la wilaya du Brakna.<br \/>\nLe correspondant de l&#8217;AMI, citant des sources de la gendarmerie<\/p>\n","protected":false},"author":1,"featured_media":0,"comment_status":"closed","ping_status":"closed","sticky":false,"template":"","format":"standard","meta":{"footnotes":""},"categories":[8672],"tags":[62650,62788],"class_list":["post-13925","post","type-post","status-publish","format-standard","hentry","category-8672","tag-maghtaa-lehjar-brakna","tag-meyem"],"_links":{"self":[{"href":"https:\/\/ami.mr\/fr\/wp-json\/wp\/v2\/posts\/13925","targetHints":{"allow":["GET"]}}],"collection":[{"href":"https:\/\/ami.mr\/fr\/wp-json\/wp\/v2\/posts"}],"about":[{"href":"https:\/\/ami.mr\/fr\/wp-json\/wp\/v2\/types\/post"}],"author":[{"embeddable":true,"href":"https:\/\/ami.mr\/fr\/wp-json\/wp\/v2\/users\/1"}],"replies":[{"embeddable":true,"href":"https:\/\/ami.mr\/fr\/wp-json\/wp\/v2\/comments?post=13925"}],"version-history":[{"count":1,"href":"https:\/\/ami.mr\/fr\/wp-json\/wp\/v2\/posts\/13925\/revisions"}],"predecessor-version":[{"id":108602,"href":"https:\/\/ami.mr\/fr\/wp-json\/wp\/v2\/posts\/13925\/revisions\/108602"}],"wp:attachment":[{"href":"https:\/\/ami.mr\/fr\/wp-json\/wp\/v2\/media?parent=13925"}],"wp:term":[{"taxonomy":"category","embeddable":true,"href":"https:\/\/ami.mr\/fr\/wp-json\/wp\/v2\/categories?post=13925"},{"taxonomy":"post_tag","embeddable":true,"href":"https:\/\/ami.mr\/fr\/wp-json\/wp\/v2\/tags?post=13925"}],"curies":[{"name":"wp","href":"https:\/\/api.w.org\/{rel}","templated":true}]}}