{"id":10352,"date":"2010-09-07T11:00:00","date_gmt":"2010-09-07T11:00:00","guid":{"rendered":"http:\/\/192.168.64.2\/fr\/index.php\/2010\/09\/07\/le-ministre-de-la-dfense-dment-des-rumeurs-diffuses-par-une-certaine-presse-autour\/"},"modified":"2022-07-03T23:34:24","modified_gmt":"2022-07-03T23:34:24","slug":"le-ministre-de-la-dfense-dment-des-rumeurs-diffuses-par-une-certaine-presse-autour","status":"publish","type":"post","link":"https:\/\/ami.mr\/fr\/archives\/10352","title":{"rendered":"Le ministre de la d&eacute;fense d&eacute;ment des rumeurs diffus&eacute;es par une certaine presse autour"},"content":{"rendered":"<p>Le ministre de la d\u00e9fense M. Hamadi Ould Hamadi, a d\u00e9menti mardi &#8221; toutes les rumeurs diffus\u00e9es par certains journaux et sites d&#8217;information locaux citant le journal alg\u00e9rien El Khabar au sujet d&#8217;un avion de reconnaissance espagnol de type C 212, re\u00e7u par la Mauritanie en contrepartie du pr\u00e9sum\u00e9 r\u00f4le jou\u00e9 par notre pays dans la remise en libert\u00e9 des otages espagnols &#8220;.<br \/>\nLe ministre a ajout\u00e9, dans une conf\u00e9rence de presse \u00e0 Nouakchott, qu&#8217;il &#8221; s&#8217;agit d&#8217;un avion de reconnaissance, don du Royaume d&#8217;Espagne \u00e0 la R\u00e9publique islamique de Mauritanie &#8220;, que les n\u00e9gociations \u00e0 son sujet &#8221; avaient commenc\u00e9 depuis 2005 &#8221; et que l&#8217;accord y aff\u00e9rant &#8221; avait \u00e9t\u00e9 sign\u00e9 le 1er octobre 2007 &#8220;.<br \/>\n&#8221; En vertu de cet accord, la partie espagnole s&#8217;\u00e9tait engag\u00e9e \u00e0 remettre l&#8217;avion, \u00e0 l&#8217;\u00e9quiper et \u00e0 former les pilotes mauritaniens contre un prix symbolique &#8220;, a-t-il pr\u00e9cis\u00e9.<br \/>\nM. Hamadi Ould Hamadi a indiqu\u00e9 que &#8221; ce don qui n&#8217;a pas \u00e9t\u00e9 re\u00e7u jusqu&#8217;\u00e0 pr\u00e9sent par la Mauritanie s&#8217;inscrit dans le cadre des efforts des deux pays visant \u00e0 mettre un terme aux flux d&#8217;immigr\u00e9s clandestins provenant des pays de la r\u00e9gion \u00e0 destination d&#8217;Europe et qu&#8217;il n&#8217;a rien \u00e0 voir avec la remise en libert\u00e9 des otages espagnols ou l&#8217;extradition de Omar Sahraoui, condamn\u00e9 en Mauritanie, vers son pays d&#8217;origine (le Mali), contrairement \u00e0 ce qui a \u00e9t\u00e9 publi\u00e9 par les journaux en question &#8220;.<br \/>\nIl a exprim\u00e9 son &#8221; m\u00e9contentement &#8221; pour la &#8221; publication par les journaux et sites \u00e9lectroniques locaux d&#8217;une information fonci\u00e8rement fausse et contenant des expressions insultantes ne s\u00e9ant pas \u00e0 la Mauritanie qui appartient \u00e0 tous les Mauritaniens &#8220;.<br \/>\nLe ministre a assur\u00e9 que &#8221; le climat d&#8217;ouverture sur la presse et, \u00e0 travers elle, sur le peuple mauritanien, qui r\u00e8gne depuis l&#8217;\u00e9lection du pr\u00e9sident de la r\u00e9publique Monsieur Mohamed Ould Abdel Aziz &#8221; restera comme tel.<br \/>\nIl a appel\u00e9 les journalistes \u00e0 v\u00e9rifier l&#8217;exactitude des informations et \u00e0 faire preuve de v\u00e9racit\u00e9, au moins pour garantir la cr\u00e9dibilit\u00e9 de leurs medias.<\/p>\n","protected":false},"excerpt":{"rendered":"<p>Le ministre de la d\u00e9fense M. Hamadi Ould Hamadi, a d\u00e9menti mardi &#8221; toutes les rumeurs diffus\u00e9es par certains journaux et sites d&#8217;information locaux citant le journal alg\u00e9rien El Khabar au sujet d&#8217;un avion<\/p>\n","protected":false},"author":1,"featured_media":0,"comment_status":"closed","ping_status":"closed","sticky":false,"template":"","format":"standard","meta":{"footnotes":""},"categories":[],"tags":[63990,62757,62476],"class_list":["post-10352","post","type-post","status-publish","format-standard","hentry","tag-activites-gouvernementales","tag-nomma","tag-nouakchott"],"_links":{"self":[{"href":"https:\/\/ami.mr\/fr\/wp-json\/wp\/v2\/posts\/10352","targetHints":{"allow":["GET"]}}],"collection":[{"href":"https:\/\/ami.mr\/fr\/wp-json\/wp\/v2\/posts"}],"about":[{"href":"https:\/\/ami.mr\/fr\/wp-json\/wp\/v2\/types\/post"}],"author":[{"embeddable":true,"href":"https:\/\/ami.mr\/fr\/wp-json\/wp\/v2\/users\/1"}],"replies":[{"embeddable":true,"href":"https:\/\/ami.mr\/fr\/wp-json\/wp\/v2\/comments?post=10352"}],"version-history":[{"count":1,"href":"https:\/\/ami.mr\/fr\/wp-json\/wp\/v2\/posts\/10352\/revisions"}],"predecessor-version":[{"id":105009,"href":"https:\/\/ami.mr\/fr\/wp-json\/wp\/v2\/posts\/10352\/revisions\/105009"}],"wp:attachment":[{"href":"https:\/\/ami.mr\/fr\/wp-json\/wp\/v2\/media?parent=10352"}],"wp:term":[{"taxonomy":"category","embeddable":true,"href":"https:\/\/ami.mr\/fr\/wp-json\/wp\/v2\/categories?post=10352"},{"taxonomy":"post_tag","embeddable":true,"href":"https:\/\/ami.mr\/fr\/wp-json\/wp\/v2\/tags?post=10352"}],"curies":[{"name":"wp","href":"https:\/\/api.w.org\/{rel}","templated":true}]}}